{"id":25,"date":"2017-09-04T04:00:53","date_gmt":"2017-09-04T04:00:53","guid":{"rendered":"http:\/\/woestenije.nl\/?p=25"},"modified":"2018-04-12T09:03:35","modified_gmt":"2018-04-12T08:03:35","slug":"quercus-cerris","status":"publish","type":"post","link":"https:\/\/woestenije.nl\/?p=25","title":{"rendered":"Quercus cerris"},"content":{"rendered":"<figure class=\"tmblr-full\"><img decoding=\"async\" src=\"https:\/\/i0.wp.com\/woestenije.nl\/wp-content\/uploads\/2018\/04\/tumblr_inline_otykqcnty41uzkp9v_540.jpg\" alt=\"image\" \/><\/figure>\n<p>Van deze joekel uit de Botanischer Garten Berlin heb ik een paar eikels meegenomen. Het is de Turkse eik (<i>quercus cerris)\u00a0<\/i>een soort die in de Balkan veel voorkomt.<\/p>\n<p>De Turkse eik kan qua habitat nog een flinke slag naar het noorden maken. Enerzijds vanwege klimaatverandering. Maar los daarvan kun je, op basis van de kaart hieronder en een beetje ge\u00efnformeerde fantasie, aannemen dat hij sinds de laatste ijstijd nog maar recent de oversteek over de Alpen (richting Tsjechi\u00eb) heeft gemaakt en sindsdien in Centraal-Europa aan het uitbreiden is.<\/p>\n<figure class=\"tmblr-full\"><img decoding=\"async\" src=\"https:\/\/i0.wp.com\/woestenije.nl\/wp-content\/uploads\/2018\/04\/tumblr_inline_ou499b8SVC1uzkp9v_540.png\" \/><\/figure>\n<p><i>Afbeelding: huidige verspreiding van quercus cerris. Driehoekjes en kruisjes betreffen vermoedelijk losse exemplaren. <a href=\"https:\/\/en.wikipedia.org\/wiki\/Quercus_cerris#\/media\/File:Quercus_cerris_range.svg\">Bron: Caudullo et al<\/a><\/i><\/p>\n<p>In de Nederlandse bosbouw wordt nog heel voorzichtig gedaan over de kansen van deze soort in Nederland. Is het warme seizoen niet te kort? Kan hij wel tegen late nachtvorst?\u00a0\u201cDie boom blijft hier geheid klein en krom\u201d zei \u00e9\u00e9n bosbouwer.<\/p>\n<figure class=\"tmblr-full\"><img decoding=\"async\" src=\"https:\/\/i0.wp.com\/woestenije.nl\/wp-content\/uploads\/2018\/04\/tumblr_inline_otykq8EMzA1uzkp9v_540.jpg\" alt=\"image\" \/><\/figure>\n<p>Ik ben niet zo voorzichtig over de kansen van deze boom in ons land. Ik heb mooie, gezonde, dikke en rechte exemplaren gezien in meerdere botanische tuinen van Walloni\u00eb tot Berlijn. Ik heb \u00e9\u00e9n keer twee eikels meegenomen en die zijn allebei uitgekomen. Ze staan al op de Biesterije.<\/p>\n<figure class=\"tmblr-full\"><img decoding=\"async\" src=\"https:\/\/i0.wp.com\/woestenije.nl\/wp-content\/uploads\/2018\/04\/tumblr_inline_otykrql41d1uzkp9v_540.jpg\" alt=\"image\" \/><\/figure>\n","protected":false},"excerpt":{"rendered":"<p>Van deze joekel uit de Botanischer Garten Berlin heb ik een paar eikels meegenomen. Het is de Turkse eik (quercus cerris)\u00a0een soort die in de Balkan veel voorkomt. De Turkse eik kan qua habitat nog een flinke slag naar het &hellip; <a class=\"kt-excerpt-readmore more-link\" href=\"https:\/\/woestenije.nl\/?p=25\">Lees meer<\/a><\/p>\n","protected":false},"author":1,"featured_media":521,"comment_status":"open","ping_status":"open","sticky":false,"template":"","format":"aside","meta":{"_exactmetrics_skip_tracking":false,"_exactmetrics_sitenote_active":false,"_exactmetrics_sitenote_note":"","_exactmetrics_sitenote_category":0,"_jetpack_memberships_contains_paid_content":false,"footnotes":"","jetpack_publicize_message":"","jetpack_publicize_feature_enabled":true,"jetpack_social_post_already_shared":false,"jetpack_social_options":{"image_generator_settings":{"template":"highway","default_image_id":0,"font":"","enabled":false},"version":2}},"categories":[1],"tags":[],"class_list":["post-25","post","type-post","status-publish","format-aside","has-post-thumbnail","hentry","category-uncategorized","post_format-post-format-aside"],"jetpack_publicize_connections":[],"jetpack_featured_media_url":"https:\/\/woestenije.nl\/wp-content\/uploads\/2018\/04\/tumblr_inline_otykq8EMzA1uzkp9v_540.jpg","jetpack_sharing_enabled":true,"_links":{"self":[{"href":"https:\/\/woestenije.nl\/index.php?rest_route=\/wp\/v2\/posts\/25","targetHints":{"allow":["GET"]}}],"collection":[{"href":"https:\/\/woestenije.nl\/index.php?rest_route=\/wp\/v2\/posts"}],"about":[{"href":"https:\/\/woestenije.nl\/index.php?rest_route=\/wp\/v2\/types\/post"}],"author":[{"embeddable":true,"href":"https:\/\/woestenije.nl\/index.php?rest_route=\/wp\/v2\/users\/1"}],"replies":[{"embeddable":true,"href":"https:\/\/woestenije.nl\/index.php?rest_route=%2Fwp%2Fv2%2Fcomments&post=25"}],"version-history":[{"count":2,"href":"https:\/\/woestenije.nl\/index.php?rest_route=\/wp\/v2\/posts\/25\/revisions"}],"predecessor-version":[{"id":636,"href":"https:\/\/woestenije.nl\/index.php?rest_route=\/wp\/v2\/posts\/25\/revisions\/636"}],"wp:featuredmedia":[{"embeddable":true,"href":"https:\/\/woestenije.nl\/index.php?rest_route=\/wp\/v2\/media\/521"}],"wp:attachment":[{"href":"https:\/\/woestenije.nl\/index.php?rest_route=%2Fwp%2Fv2%2Fmedia&parent=25"}],"wp:term":[{"taxonomy":"category","embeddable":true,"href":"https:\/\/woestenije.nl\/index.php?rest_route=%2Fwp%2Fv2%2Fcategories&post=25"},{"taxonomy":"post_tag","embeddable":true,"href":"https:\/\/woestenije.nl\/index.php?rest_route=%2Fwp%2Fv2%2Ftags&post=25"}],"curies":[{"name":"wp","href":"https:\/\/api.w.org\/{rel}","templated":true}]}}